{"id":3209,"date":"2019-06-03T17:00:38","date_gmt":"2019-06-03T15:00:38","guid":{"rendered":"http:\/\/ondrakozak.com\/?p=3209"},"modified":"2019-06-01T23:08:25","modified_gmt":"2019-06-01T21:08:25","slug":"24-dil-atamusic-podcastu-rozhovor-s-matejem-ptaszkem","status":"publish","type":"post","link":"https:\/\/ondrakozak.com\/en\/2019\/06\/24-dil-atamusic-podcastu-rozhovor-s-matejem-ptaszkem\/","title":{"rendered":"(\u010ce\u0161tina) 24. d\u00edl ATAmusic podcastu: rozhovor s Mat\u011bjem Ptaszkem"},"content":{"rendered":"<p class=\"qtranxs-available-languages-message qtranxs-available-languages-message-en\">Sorry, this entry is only available in <a href=\"https:\/\/ondrakozak.com\/cs\/wp-json\/wp\/v2\/posts\/3209\" class=\"qtranxs-available-language-link qtranxs-available-language-link-cs\" title=\"\u010ce\u0161tina\">\u010ce\u0161tina<\/a>.<\/p><p>S <a href=\"https:\/\/www.facebook.com\/matej.ptaszek\" target=\"_blank\" rel=\"noopener noreferrer\">Mat\u011bjem<\/a> jsme vyr\u016fstali ve stejn\u00e9m m\u011bst\u011b, ale poznali jsme se a\u017e o dost let pozd\u011bji na jedn\u00e9 bluegrassov\u00e9 d\u00edln\u011b, kde jsme oba u\u010dili. Letos jsem ho pozval jako lektora foukac\u00ed harmoniky na d\u00edlnu <a href=\"http:\/\/www.atamusic.eu\/js\/\" target=\"_blank\" rel=\"noopener noreferrer\">Jesenick\u00fd shuffle<\/a> a hned po jej\u00edm skon\u010den\u00ed s n\u00edm ud\u011blal tenhle rozhovor. Mat\u011bjovo pov\u00edd\u00e1n\u00ed jsem si opravdu u\u017eil a v\u011b\u0159\u00edm, \u017ee se bude l\u00edbit i v\u00e1m.<\/p>\n<p>&nbsp;<\/p>\n<p><iframe loading=\"lazy\" width=\"100%\" height=\"166\" scrolling=\"no\" frameborder=\"no\" allow=\"autoplay\" src=\"https:\/\/w.soundcloud.com\/player\/?url=https%3A\/\/api.soundcloud.com\/tracks\/628514031%3Fsecret_token%3Ds-8G3SL&#038;color=%23ff5500&#038;auto_play=false&#038;hide_related=true&#038;show_comments=false&#038;show_user=true&#038;show_reposts=false&#038;show_teaser=false\"><\/iframe><\/p>","protected":false},"excerpt":{"rendered":"<p>Sorry, this entry is only available in \u010ce\u0161tina.S Mat\u011bjem jsme vyr\u016fstali ve stejn\u00e9m m\u011bst\u011b, ale poznali jsme se a\u017e o dost let pozd\u011bji na jedn\u00e9 bluegrassov\u00e9 d\u00edln\u011b, kde jsme oba u\u010dili. Letos jsem ho pozval jako lektora foukac\u00ed harmoniky na d\u00edlnu Jesenick\u00fd shuffle a hned po jej\u00edm skon\u010den\u00ed s n\u00edm ud\u011blal tenhle rozhovor. Mat\u011bjovo pov\u00edd\u00e1n\u00ed &#8230; <a title=\"(\u010ce\u0161tina) 24. d\u00edl ATAmusic podcastu: rozhovor s Mat\u011bjem Ptaszkem\" class=\"read-more\" href=\"https:\/\/ondrakozak.com\/en\/2019\/06\/24-dil-atamusic-podcastu-rozhovor-s-matejem-ptaszkem\/\" aria-label=\"Read more about (\u010ce\u0161tina) 24. d\u00edl ATAmusic podcastu: rozhovor s Mat\u011bjem Ptaszkem\">Read more<\/a><\/p>\n","protected":false},"author":1,"featured_media":3208,"comment_status":"open","ping_status":"closed","sticky":false,"template":"","format":"standard","meta":{"footnotes":""},"categories":[17,33],"tags":[],"class_list":["post-3209","post","type-post","status-publish","format-standard","has-post-thumbnail","hentry","category-atamusic","category-podcast"],"yoast_head":"<!-- This site is optimized with the Yoast SEO plugin v27.4 - https:\/\/yoast.com\/product\/yoast-seo-wordpress\/ -->\n<title>(\u010ce\u0161tina) 24. d\u00edl ATAmusic podcastu: rozhovor s Mat\u011bjem Ptaszkem &#8211; Ondra Koz\u00e1k<\/title>\n<meta name=\"description\" content=\"Ondra Koz\u00e1k \u2013 muzikant, lektor, fotograf\" \/>\n<meta name=\"robots\" content=\"index, follow, max-snippet:-1, max-image-preview:large, max-video-preview:-1\" \/>\n<link rel=\"canonical\" href=\"https:\/\/ondrakozak.com\/en\/2019\/06\/cestina-24-dil-atamusic-podcastu-rozhovor-s-matejem-ptaszkem\/\" \/>\n<meta property=\"og:locale\" content=\"en_US\" \/>\n<meta property=\"og:type\" content=\"article\" \/>\n<meta property=\"og:title\" content=\"(\u010ce\u0161tina) 24. d\u00edl ATAmusic podcastu: rozhovor s Mat\u011bjem Ptaszkem &#8211; Ondra Koz\u00e1k\" \/>\n<meta property=\"og:description\" content=\"Ondra Koz\u00e1k \u2013 muzikant, lektor, fotograf\" \/>\n<meta property=\"og:url\" content=\"https:\/\/ondrakozak.com\/en\/2019\/06\/cestina-24-dil-atamusic-podcastu-rozhovor-s-matejem-ptaszkem\/\" \/>\n<meta property=\"og:site_name\" content=\"Ondra Koz\u00e1k\" \/>\n<meta property=\"article:publisher\" content=\"https:\/\/www.facebook.com\/ondrakozakmusic\" \/>\n<meta property=\"article:author\" content=\"https:\/\/www.facebook.com\/ondrakozakmusic\" \/>\n<meta property=\"article:published_time\" content=\"2019-06-03T15:00:38+00:00\" \/>\n<meta property=\"og:image\" content=\"https:\/\/ondrakozak.com\/wp-content\/uploads\/2019\/06\/mat\u011bj_podcast.jpg\" \/>\n\t<meta property=\"og:image:width\" content=\"1400\" \/>\n\t<meta property=\"og:image:height\" content=\"1400\" \/>\n\t<meta property=\"og:image:type\" content=\"image\/jpeg\" \/>\n<meta name=\"author\" content=\"Ondra Koz\u00e1k\" \/>\n<meta name=\"twitter:card\" content=\"summary_large_image\" \/>\n<meta name=\"twitter:creator\" content=\"@ondra_kozak\" \/>\n<meta name=\"twitter:site\" content=\"@ondra_kozak\" \/>\n<meta name=\"twitter:label1\" content=\"Written by\" \/>\n\t<meta name=\"twitter:data1\" content=\"Ondra Koz\u00e1k\" \/>\n<script type=\"application\/ld+json\" class=\"yoast-schema-graph\">{\"@context\":\"https:\\\/\\\/schema.org\",\"@graph\":[{\"@type\":\"Article\",\"@id\":\"https:\\\/\\\/ondrakozak.com\\\/en\\\/2019\\\/06\\\/cestina-24-dil-atamusic-podcastu-rozhovor-s-matejem-ptaszkem\\\/#article\",\"isPartOf\":{\"@id\":\"https:\\\/\\\/ondrakozak.com\\\/en\\\/2019\\\/06\\\/cestina-24-dil-atamusic-podcastu-rozhovor-s-matejem-ptaszkem\\\/\"},\"author\":{\"name\":\"Ondra Koz\u00e1k\",\"@id\":\"https:\\\/\\\/ondrakozak.com\\\/en\\\/#\\\/schema\\\/person\\\/a166c513414d0d87ab79cac45bbc4580\"},\"headline\":\"(\u010ce\u0161tina) 24. d\u00edl ATAmusic podcastu: rozhovor s Mat\u011bjem Ptaszkem\",\"datePublished\":\"2019-06-03T15:00:38+00:00\",\"mainEntityOfPage\":{\"@id\":\"https:\\\/\\\/ondrakozak.com\\\/en\\\/2019\\\/06\\\/cestina-24-dil-atamusic-podcastu-rozhovor-s-matejem-ptaszkem\\\/\"},\"wordCount\":91,\"commentCount\":0,\"publisher\":{\"@id\":\"https:\\\/\\\/ondrakozak.com\\\/en\\\/#\\\/schema\\\/person\\\/a166c513414d0d87ab79cac45bbc4580\"},\"image\":{\"@id\":\"https:\\\/\\\/ondrakozak.com\\\/en\\\/2019\\\/06\\\/cestina-24-dil-atamusic-podcastu-rozhovor-s-matejem-ptaszkem\\\/#primaryimage\"},\"thumbnailUrl\":\"https:\\\/\\\/ondrakozak.com\\\/wp-content\\\/uploads\\\/2019\\\/06\\\/mat\u011bj_podcast.jpg\",\"articleSection\":[\"ATAmusic\",\"Podcast\"],\"inLanguage\":\"en-US\",\"potentialAction\":[{\"@type\":\"CommentAction\",\"name\":\"Comment\",\"target\":[\"https:\\\/\\\/ondrakozak.com\\\/en\\\/2019\\\/06\\\/cestina-24-dil-atamusic-podcastu-rozhovor-s-matejem-ptaszkem\\\/#respond\"]}]},{\"@type\":\"WebPage\",\"@id\":\"https:\\\/\\\/ondrakozak.com\\\/en\\\/2019\\\/06\\\/cestina-24-dil-atamusic-podcastu-rozhovor-s-matejem-ptaszkem\\\/\",\"url\":\"https:\\\/\\\/ondrakozak.com\\\/en\\\/2019\\\/06\\\/cestina-24-dil-atamusic-podcastu-rozhovor-s-matejem-ptaszkem\\\/\",\"name\":\"(\u010ce\u0161tina) 24. d\u00edl ATAmusic podcastu: rozhovor s Mat\u011bjem Ptaszkem &#8211; Ondra Koz\u00e1k\",\"isPartOf\":{\"@id\":\"https:\\\/\\\/ondrakozak.com\\\/en\\\/#website\"},\"primaryImageOfPage\":{\"@id\":\"https:\\\/\\\/ondrakozak.com\\\/en\\\/2019\\\/06\\\/cestina-24-dil-atamusic-podcastu-rozhovor-s-matejem-ptaszkem\\\/#primaryimage\"},\"image\":{\"@id\":\"https:\\\/\\\/ondrakozak.com\\\/en\\\/2019\\\/06\\\/cestina-24-dil-atamusic-podcastu-rozhovor-s-matejem-ptaszkem\\\/#primaryimage\"},\"thumbnailUrl\":\"https:\\\/\\\/ondrakozak.com\\\/wp-content\\\/uploads\\\/2019\\\/06\\\/mat\u011bj_podcast.jpg\",\"datePublished\":\"2019-06-03T15:00:38+00:00\",\"description\":\"Ondra Koz\u00e1k \u2013 muzikant, lektor, fotograf\",\"breadcrumb\":{\"@id\":\"https:\\\/\\\/ondrakozak.com\\\/en\\\/2019\\\/06\\\/cestina-24-dil-atamusic-podcastu-rozhovor-s-matejem-ptaszkem\\\/#breadcrumb\"},\"inLanguage\":\"en-US\",\"potentialAction\":[{\"@type\":\"ReadAction\",\"target\":[[\"https:\\\/\\\/ondrakozak.com\\\/en\\\/2019\\\/06\\\/cestina-24-dil-atamusic-podcastu-rozhovor-s-matejem-ptaszkem\\\/\"]]}]},{\"@type\":\"ImageObject\",\"inLanguage\":\"en-US\",\"@id\":\"https:\\\/\\\/ondrakozak.com\\\/en\\\/2019\\\/06\\\/cestina-24-dil-atamusic-podcastu-rozhovor-s-matejem-ptaszkem\\\/#primaryimage\",\"url\":\"https:\\\/\\\/ondrakozak.com\\\/wp-content\\\/uploads\\\/2019\\\/06\\\/mat\u011bj_podcast.jpg\",\"contentUrl\":\"https:\\\/\\\/ondrakozak.com\\\/wp-content\\\/uploads\\\/2019\\\/06\\\/mat\u011bj_podcast.jpg\",\"width\":1400,\"height\":1400},{\"@type\":\"BreadcrumbList\",\"@id\":\"https:\\\/\\\/ondrakozak.com\\\/en\\\/2019\\\/06\\\/cestina-24-dil-atamusic-podcastu-rozhovor-s-matejem-ptaszkem\\\/#breadcrumb\",\"itemListElement\":[{\"@type\":\"ListItem\",\"position\":1,\"name\":\"Dom\u016f\",\"item\":\"https:\\\/\\\/ondrakozak.com\\\/en\\\/\"},{\"@type\":\"ListItem\",\"position\":2,\"name\":\"(\u010ce\u0161tina) 24. d\u00edl ATAmusic podcastu: rozhovor s Mat\u011bjem Ptaszkem\"}]},{\"@type\":\"WebSite\",\"@id\":\"https:\\\/\\\/ondrakozak.com\\\/en\\\/#website\",\"url\":\"https:\\\/\\\/ondrakozak.com\\\/en\\\/\",\"name\":\"Ondra Koz\u00e1k\",\"description\":\"musician, tutor\",\"publisher\":{\"@id\":\"https:\\\/\\\/ondrakozak.com\\\/en\\\/#\\\/schema\\\/person\\\/a166c513414d0d87ab79cac45bbc4580\"},\"potentialAction\":[{\"@type\":\"SearchAction\",\"target\":{\"@type\":\"EntryPoint\",\"urlTemplate\":\"https:\\\/\\\/ondrakozak.com\\\/en\\\/?s={search_term_string}\"},\"query-input\":{\"@type\":\"PropertyValueSpecification\",\"valueRequired\":true,\"valueName\":\"search_term_string\"}}],\"inLanguage\":\"en-US\"},{\"@type\":[\"Person\",\"Organization\"],\"@id\":\"https:\\\/\\\/ondrakozak.com\\\/en\\\/#\\\/schema\\\/person\\\/a166c513414d0d87ab79cac45bbc4580\",\"name\":\"Ondra Koz\u00e1k\",\"image\":{\"@type\":\"ImageObject\",\"inLanguage\":\"en-US\",\"@id\":\"https:\\\/\\\/ondrakozak.com\\\/wp-content\\\/uploads\\\/2020\\\/11\\\/Ondra-110-scaled.jpg\",\"url\":\"https:\\\/\\\/ondrakozak.com\\\/wp-content\\\/uploads\\\/2020\\\/11\\\/Ondra-110-scaled.jpg\",\"contentUrl\":\"https:\\\/\\\/ondrakozak.com\\\/wp-content\\\/uploads\\\/2020\\\/11\\\/Ondra-110-scaled.jpg\",\"width\":1703,\"height\":2560,\"caption\":\"Ondra Koz\u00e1k\"},\"logo\":{\"@id\":\"https:\\\/\\\/ondrakozak.com\\\/wp-content\\\/uploads\\\/2020\\\/11\\\/Ondra-110-scaled.jpg\"},\"description\":\"I'm a musician and tutor who likes asking Why? and talking with clever people. Sometimes I write something. You can learn about what I'm doing now here or from occasional e-mails (subscribe). Ondra Koz\u00e1k\",\"sameAs\":[\"https:\\\/\\\/www.ondrakozak.com\",\"https:\\\/\\\/www.facebook.com\\\/ondrakozakmusic\",\"https:\\\/\\\/www.instagram.com\\\/ondrakozakmusic\\\/\",\"https:\\\/\\\/www.youtube.com\\\/@ondrakozakmusic\"]}]}<\/script>\n<!-- \/ Yoast SEO plugin. -->","yoast_head_json":{"title":"(\u010ce\u0161tina) 24. d\u00edl ATAmusic podcastu: rozhovor s Mat\u011bjem Ptaszkem &#8211; Ondra Koz\u00e1k","description":"Ondra Koz\u00e1k \u2013 muzikant, lektor, fotograf","robots":{"index":"index","follow":"follow","max-snippet":"max-snippet:-1","max-image-preview":"max-image-preview:large","max-video-preview":"max-video-preview:-1"},"canonical":"https:\/\/ondrakozak.com\/en\/2019\/06\/cestina-24-dil-atamusic-podcastu-rozhovor-s-matejem-ptaszkem\/","og_locale":"en_US","og_type":"article","og_title":"(\u010ce\u0161tina) 24. d\u00edl ATAmusic podcastu: rozhovor s Mat\u011bjem Ptaszkem &#8211; Ondra Koz\u00e1k","og_description":"Ondra Koz\u00e1k \u2013 muzikant, lektor, fotograf","og_url":"https:\/\/ondrakozak.com\/en\/2019\/06\/cestina-24-dil-atamusic-podcastu-rozhovor-s-matejem-ptaszkem\/","og_site_name":"Ondra Koz\u00e1k","article_publisher":"https:\/\/www.facebook.com\/ondrakozakmusic","article_author":"https:\/\/www.facebook.com\/ondrakozakmusic","article_published_time":"2019-06-03T15:00:38+00:00","og_image":[{"width":1400,"height":1400,"url":"https:\/\/ondrakozak.com\/wp-content\/uploads\/2019\/06\/mat\u011bj_podcast.jpg","type":"image\/jpeg"}],"author":"Ondra Koz\u00e1k","twitter_card":"summary_large_image","twitter_creator":"@ondra_kozak","twitter_site":"@ondra_kozak","twitter_misc":{"Written by":"Ondra Koz\u00e1k"},"schema":{"@context":"https:\/\/schema.org","@graph":[{"@type":"Article","@id":"https:\/\/ondrakozak.com\/en\/2019\/06\/cestina-24-dil-atamusic-podcastu-rozhovor-s-matejem-ptaszkem\/#article","isPartOf":{"@id":"https:\/\/ondrakozak.com\/en\/2019\/06\/cestina-24-dil-atamusic-podcastu-rozhovor-s-matejem-ptaszkem\/"},"author":{"name":"Ondra Koz\u00e1k","@id":"https:\/\/ondrakozak.com\/en\/#\/schema\/person\/a166c513414d0d87ab79cac45bbc4580"},"headline":"(\u010ce\u0161tina) 24. d\u00edl ATAmusic podcastu: rozhovor s Mat\u011bjem Ptaszkem","datePublished":"2019-06-03T15:00:38+00:00","mainEntityOfPage":{"@id":"https:\/\/ondrakozak.com\/en\/2019\/06\/cestina-24-dil-atamusic-podcastu-rozhovor-s-matejem-ptaszkem\/"},"wordCount":91,"commentCount":0,"publisher":{"@id":"https:\/\/ondrakozak.com\/en\/#\/schema\/person\/a166c513414d0d87ab79cac45bbc4580"},"image":{"@id":"https:\/\/ondrakozak.com\/en\/2019\/06\/cestina-24-dil-atamusic-podcastu-rozhovor-s-matejem-ptaszkem\/#primaryimage"},"thumbnailUrl":"https:\/\/ondrakozak.com\/wp-content\/uploads\/2019\/06\/mat\u011bj_podcast.jpg","articleSection":["ATAmusic","Podcast"],"inLanguage":"en-US","potentialAction":[{"@type":"CommentAction","name":"Comment","target":["https:\/\/ondrakozak.com\/en\/2019\/06\/cestina-24-dil-atamusic-podcastu-rozhovor-s-matejem-ptaszkem\/#respond"]}]},{"@type":"WebPage","@id":"https:\/\/ondrakozak.com\/en\/2019\/06\/cestina-24-dil-atamusic-podcastu-rozhovor-s-matejem-ptaszkem\/","url":"https:\/\/ondrakozak.com\/en\/2019\/06\/cestina-24-dil-atamusic-podcastu-rozhovor-s-matejem-ptaszkem\/","name":"(\u010ce\u0161tina) 24. d\u00edl ATAmusic podcastu: rozhovor s Mat\u011bjem Ptaszkem &#8211; Ondra Koz\u00e1k","isPartOf":{"@id":"https:\/\/ondrakozak.com\/en\/#website"},"primaryImageOfPage":{"@id":"https:\/\/ondrakozak.com\/en\/2019\/06\/cestina-24-dil-atamusic-podcastu-rozhovor-s-matejem-ptaszkem\/#primaryimage"},"image":{"@id":"https:\/\/ondrakozak.com\/en\/2019\/06\/cestina-24-dil-atamusic-podcastu-rozhovor-s-matejem-ptaszkem\/#primaryimage"},"thumbnailUrl":"https:\/\/ondrakozak.com\/wp-content\/uploads\/2019\/06\/mat\u011bj_podcast.jpg","datePublished":"2019-06-03T15:00:38+00:00","description":"Ondra Koz\u00e1k \u2013 muzikant, lektor, fotograf","breadcrumb":{"@id":"https:\/\/ondrakozak.com\/en\/2019\/06\/cestina-24-dil-atamusic-podcastu-rozhovor-s-matejem-ptaszkem\/#breadcrumb"},"inLanguage":"en-US","potentialAction":[{"@type":"ReadAction","target":[["https:\/\/ondrakozak.com\/en\/2019\/06\/cestina-24-dil-atamusic-podcastu-rozhovor-s-matejem-ptaszkem\/"]]}]},{"@type":"ImageObject","inLanguage":"en-US","@id":"https:\/\/ondrakozak.com\/en\/2019\/06\/cestina-24-dil-atamusic-podcastu-rozhovor-s-matejem-ptaszkem\/#primaryimage","url":"https:\/\/ondrakozak.com\/wp-content\/uploads\/2019\/06\/mat\u011bj_podcast.jpg","contentUrl":"https:\/\/ondrakozak.com\/wp-content\/uploads\/2019\/06\/mat\u011bj_podcast.jpg","width":1400,"height":1400},{"@type":"BreadcrumbList","@id":"https:\/\/ondrakozak.com\/en\/2019\/06\/cestina-24-dil-atamusic-podcastu-rozhovor-s-matejem-ptaszkem\/#breadcrumb","itemListElement":[{"@type":"ListItem","position":1,"name":"Dom\u016f","item":"https:\/\/ondrakozak.com\/en\/"},{"@type":"ListItem","position":2,"name":"(\u010ce\u0161tina) 24. d\u00edl ATAmusic podcastu: rozhovor s Mat\u011bjem Ptaszkem"}]},{"@type":"WebSite","@id":"https:\/\/ondrakozak.com\/en\/#website","url":"https:\/\/ondrakozak.com\/en\/","name":"Ondra Koz\u00e1k","description":"musician, tutor","publisher":{"@id":"https:\/\/ondrakozak.com\/en\/#\/schema\/person\/a166c513414d0d87ab79cac45bbc4580"},"potentialAction":[{"@type":"SearchAction","target":{"@type":"EntryPoint","urlTemplate":"https:\/\/ondrakozak.com\/en\/?s={search_term_string}"},"query-input":{"@type":"PropertyValueSpecification","valueRequired":true,"valueName":"search_term_string"}}],"inLanguage":"en-US"},{"@type":["Person","Organization"],"@id":"https:\/\/ondrakozak.com\/en\/#\/schema\/person\/a166c513414d0d87ab79cac45bbc4580","name":"Ondra Koz\u00e1k","image":{"@type":"ImageObject","inLanguage":"en-US","@id":"https:\/\/ondrakozak.com\/wp-content\/uploads\/2020\/11\/Ondra-110-scaled.jpg","url":"https:\/\/ondrakozak.com\/wp-content\/uploads\/2020\/11\/Ondra-110-scaled.jpg","contentUrl":"https:\/\/ondrakozak.com\/wp-content\/uploads\/2020\/11\/Ondra-110-scaled.jpg","width":1703,"height":2560,"caption":"Ondra Koz\u00e1k"},"logo":{"@id":"https:\/\/ondrakozak.com\/wp-content\/uploads\/2020\/11\/Ondra-110-scaled.jpg"},"description":"I'm a musician and tutor who likes asking Why? and talking with clever people. Sometimes I write something. You can learn about what I'm doing now here or from occasional e-mails (subscribe). Ondra Koz\u00e1k","sameAs":["https:\/\/www.ondrakozak.com","https:\/\/www.facebook.com\/ondrakozakmusic","https:\/\/www.instagram.com\/ondrakozakmusic\/","https:\/\/www.youtube.com\/@ondrakozakmusic"]}]}},"_links":{"self":[{"href":"https:\/\/ondrakozak.com\/en\/wp-json\/wp\/v2\/posts\/3209","targetHints":{"allow":["GET"]}}],"collection":[{"href":"https:\/\/ondrakozak.com\/en\/wp-json\/wp\/v2\/posts"}],"about":[{"href":"https:\/\/ondrakozak.com\/en\/wp-json\/wp\/v2\/types\/post"}],"author":[{"embeddable":true,"href":"https:\/\/ondrakozak.com\/en\/wp-json\/wp\/v2\/users\/1"}],"replies":[{"embeddable":true,"href":"https:\/\/ondrakozak.com\/en\/wp-json\/wp\/v2\/comments?post=3209"}],"version-history":[{"count":0,"href":"https:\/\/ondrakozak.com\/en\/wp-json\/wp\/v2\/posts\/3209\/revisions"}],"wp:featuredmedia":[{"embeddable":true,"href":"https:\/\/ondrakozak.com\/en\/wp-json\/wp\/v2\/media\/3208"}],"wp:attachment":[{"href":"https:\/\/ondrakozak.com\/en\/wp-json\/wp\/v2\/media?parent=3209"}],"wp:term":[{"taxonomy":"category","embeddable":true,"href":"https:\/\/ondrakozak.com\/en\/wp-json\/wp\/v2\/categories?post=3209"},{"taxonomy":"post_tag","embeddable":true,"href":"https:\/\/ondrakozak.com\/en\/wp-json\/wp\/v2\/tags?post=3209"}],"curies":[{"name":"wp","href":"https:\/\/api.w.org\/{rel}","templated":true}]}}